{"id":2286,"date":"2025-03-05T09:32:51","date_gmt":"2025-03-05T09:32:51","guid":{"rendered":"https:\/\/jesuscampos.com\/blog\/?p=2286"},"modified":"2025-04-06T09:33:17","modified_gmt":"2025-04-06T09:33:17","slug":"nueve-anos-de-y-la-casa-crecia","status":"publish","type":"post","link":"https:\/\/jesuscampos.com\/blog\/movidas-de-actualidad\/del-yo\/nueve-anos-de-y-la-casa-crecia\/","title":{"rendered":"Nueve a\u00f1os de \u00ab&#8230; y la casa crec\u00eda\u00bb"},"content":{"rendered":"<p><img loading=\"lazy\" decoding=\"async\" class=\"alignnone size-full wp-image-2287\" src=\"https:\/\/jesuscampos.com\/blog\/wp-content\/uploads\/2025\/04\/compania-y-la-casa-crecia.jpg\" alt=\"\" width=\"599\" height=\"399\" srcset=\"https:\/\/jesuscampos.com\/blog\/wp-content\/uploads\/2025\/04\/compania-y-la-casa-crecia.jpg 599w, https:\/\/jesuscampos.com\/blog\/wp-content\/uploads\/2025\/04\/compania-y-la-casa-crecia-480x320.jpg 480w\" sizes=\"auto, (min-width: 0px) and (max-width: 480px) 480px, (min-width: 481px) 599px, 100vw\" \/><\/p>\n<p>Vaso medio lleno: Hace nueve a\u00f1os estrenaba \u00ab&#8230; y la casa crec\u00eda\u00bb.<br \/>\nVaso medio vac\u00edo: Hace nueve a\u00f1os que no estreno.<\/p>\n<p>Estuvieron conmigo en la aventura: Ana Marzoa, Ana Cerdeiri\u00f1a, Juan Carlos Talavera, Fernando Albizu, Samuel Viyuela, Luis Hostalot, Juan Matute, Jos\u00e9 Ram\u00f3n Arredondo, Marilyn Torres, Roberto Altozano, Juan G\u00f3mez Cornejo, \u00c1lvaro Luna, Mar\u00eda Luisa Engel, Javier Almela, Isidro Ferrer y nuestro a\u00f1orado Miguel Palenzuela.<\/p>\n","protected":false},"excerpt":{"rendered":"<p>Vaso medio lleno: Hace nueve a\u00f1os estrenaba \u00ab&#8230; y la casa crec\u00eda\u00bb. Vaso medio vac\u00edo: Hace nueve a\u00f1os que no estreno.<\/p>\n","protected":false},"author":3,"featured_media":2287,"comment_status":"open","ping_status":"open","sticky":false,"template":"","format":"standard","meta":{"_et_pb_use_builder":"","_et_pb_old_content":"","_et_gb_content_width":"","_jetpack_memberships_contains_paid_content":false,"footnotes":""},"categories":[21],"tags":[494,722,495,496,497,498,499,500,65,501,151,628,167,715,285,716,324,717,325,718,491,719,492,720,493,721],"class_list":["post-2286","post","type-post","status-publish","format-standard","has-post-thumbnail","hentry","category-del-yo","tag-ana-cerdeirina","tag-isidro-ferrer","tag-marilyn-torres","tag-juan-matute","tag-jose-ramon-arredondo","tag-samuel-viyuela","tag-fernando-albizu","tag-juan-carlos-talavera","tag-y-la-casa-crecia","tag-juan-gomez-cornejo","tag-teatro-maria-guerrero","tag-teatro-espanol-actual","tag-roberto-altozano","tag-instituto-nacional-de-las-artes-escenicas-y-de-la-musica","tag-inaem","tag-comedia-de-humor","tag-cdn","tag-alegoria-politica","tag-centro-dramatico-nacional","tag-crisis-financiera","tag-ana-marzoa","tag-alvaro-luna","tag-miguel-palenzuela","tag-maria-luisa-engel","tag-luis-hostalot","tag-javier-lamela"],"yoast_head":"<!-- This site is optimized with the Yoast SEO plugin v27.5 - https:\/\/yoast.com\/product\/yoast-seo-wordpress\/ -->\n<title>Nueve a\u00f1os de &quot;... y la casa crec\u00eda&quot; - BLOG DE NUEVOS CUELGUES<\/title>\n<meta name=\"description\" content=\"Vaso medio lleno: Hace nueve a\u00f1os estrenaba &quot;... y la casa crec\u00eda&quot;. Vaso medio vac\u00edo: Hace nueve a\u00f1os que no estreno.\" \/>\n<meta name=\"robots\" content=\"index, follow, max-snippet:-1, max-image-preview:large, max-video-preview:-1\" \/>\n<link rel=\"canonical\" href=\"https:\/\/jesuscampos.com\/blog\/movidas-de-actualidad\/del-yo\/nueve-anos-de-y-la-casa-crecia\/\" \/>\n<meta property=\"og:locale\" content=\"es_ES\" \/>\n<meta property=\"og:type\" content=\"article\" \/>\n<meta property=\"og:title\" content=\"Nueve a\u00f1os de &quot;... y la casa crec\u00eda&quot; - BLOG DE NUEVOS CUELGUES\" \/>\n<meta property=\"og:description\" content=\"Vaso medio lleno: Hace nueve a\u00f1os estrenaba &quot;... y la casa crec\u00eda&quot;. Vaso medio vac\u00edo: Hace nueve a\u00f1os que no estreno.\" \/>\n<meta property=\"og:url\" content=\"https:\/\/jesuscampos.com\/blog\/movidas-de-actualidad\/del-yo\/nueve-anos-de-y-la-casa-crecia\/\" \/>\n<meta property=\"og:site_name\" content=\"BLOG DE NUEVOS CUELGUES\" \/>\n<meta property=\"article:published_time\" content=\"2025-03-05T09:32:51+00:00\" \/>\n<meta property=\"article:modified_time\" content=\"2025-04-06T09:33:17+00:00\" \/>\n<meta property=\"og:image\" content=\"https:\/\/jesuscampos.com\/blog\/wp-content\/uploads\/2025\/04\/compania-y-la-casa-crecia.jpg\" \/>\n\t<meta property=\"og:image:width\" content=\"599\" \/>\n\t<meta property=\"og:image:height\" content=\"399\" \/>\n\t<meta property=\"og:image:type\" content=\"image\/jpeg\" \/>\n<meta name=\"author\" content=\"Jes\u00fas Campos\" \/>\n<meta name=\"twitter:card\" content=\"summary_large_image\" \/>\n<meta name=\"twitter:label1\" content=\"Escrito por\" \/>\n\t<meta name=\"twitter:data1\" content=\"Jes\u00fas Campos\" \/>\n\t<meta name=\"twitter:label2\" content=\"Tiempo de lectura\" \/>\n\t<meta name=\"twitter:data2\" content=\"1 minuto\" \/>\n<script type=\"application\/ld+json\" class=\"yoast-schema-graph\">{\"@context\":\"https:\\\/\\\/schema.org\",\"@graph\":[{\"@type\":\"Article\",\"@id\":\"https:\\\/\\\/jesuscampos.com\\\/blog\\\/movidas-de-actualidad\\\/del-yo\\\/nueve-anos-de-y-la-casa-crecia\\\/#article\",\"isPartOf\":{\"@id\":\"https:\\\/\\\/jesuscampos.com\\\/blog\\\/movidas-de-actualidad\\\/del-yo\\\/nueve-anos-de-y-la-casa-crecia\\\/\"},\"author\":{\"name\":\"Jes\u00fas Campos\",\"@id\":\"https:\\\/\\\/jesuscampos.com\\\/blog\\\/#\\\/schema\\\/person\\\/3cc8fc4f9758d022fed2d6cd6fa162b3\"},\"headline\":\"Nueve a\u00f1os de \u00ab&#8230; y la casa crec\u00eda\u00bb\",\"datePublished\":\"2025-03-05T09:32:51+00:00\",\"dateModified\":\"2025-04-06T09:33:17+00:00\",\"mainEntityOfPage\":{\"@id\":\"https:\\\/\\\/jesuscampos.com\\\/blog\\\/movidas-de-actualidad\\\/del-yo\\\/nueve-anos-de-y-la-casa-crecia\\\/\"},\"wordCount\":82,\"commentCount\":0,\"image\":{\"@id\":\"https:\\\/\\\/jesuscampos.com\\\/blog\\\/movidas-de-actualidad\\\/del-yo\\\/nueve-anos-de-y-la-casa-crecia\\\/#primaryimage\"},\"thumbnailUrl\":\"https:\\\/\\\/jesuscampos.com\\\/blog\\\/wp-content\\\/uploads\\\/2025\\\/04\\\/compania-y-la-casa-crecia.jpg\",\"keywords\":[\"Ana Cerdeiri\u00f1a\",\"Isidro Ferrer\",\"Marilyn Torres\",\"Juan Matute\",\"Jos\u00e9 Ram\u00f3n Arredondo\",\"Samuel Viyuela\",\"Fernando Albizu\",\"Juan Carlos Talavera\",\"y la casa crec\u00eda\",\"Juan G\u00f3mez-Cornejo\",\"Teatro Mar\u00eda Guerrero\",\"teatro espa\u00f1ol actual\",\"Roberto Altozano\",\"Instituto Nacional de las Artes Esc\u00e9nicas y de la M\u00fasica\",\"INAEM\",\"Comedia de humor\",\"cdn\",\"Alegor\u00eda pol\u00edtica\",\"centro dram\u00e1tico nacional\",\"Crisis financiera\",\"Ana Marzoa\",\"\u00c1lvaro Luna\",\"Miguel Palenzuela\",\"Mar\u00eda Luisa Engel\",\"Luis Hostalot\",\"Javier Lamela\"],\"articleSection\":[\"Del yo\"],\"inLanguage\":\"es\",\"potentialAction\":[{\"@type\":\"CommentAction\",\"name\":\"Comment\",\"target\":[\"https:\\\/\\\/jesuscampos.com\\\/blog\\\/movidas-de-actualidad\\\/del-yo\\\/nueve-anos-de-y-la-casa-crecia\\\/#respond\"]}]},{\"@type\":\"WebPage\",\"@id\":\"https:\\\/\\\/jesuscampos.com\\\/blog\\\/movidas-de-actualidad\\\/del-yo\\\/nueve-anos-de-y-la-casa-crecia\\\/\",\"url\":\"https:\\\/\\\/jesuscampos.com\\\/blog\\\/movidas-de-actualidad\\\/del-yo\\\/nueve-anos-de-y-la-casa-crecia\\\/\",\"name\":\"Nueve a\u00f1os de \\\"... y la casa crec\u00eda\\\" - BLOG DE NUEVOS CUELGUES\",\"isPartOf\":{\"@id\":\"https:\\\/\\\/jesuscampos.com\\\/blog\\\/#website\"},\"primaryImageOfPage\":{\"@id\":\"https:\\\/\\\/jesuscampos.com\\\/blog\\\/movidas-de-actualidad\\\/del-yo\\\/nueve-anos-de-y-la-casa-crecia\\\/#primaryimage\"},\"image\":{\"@id\":\"https:\\\/\\\/jesuscampos.com\\\/blog\\\/movidas-de-actualidad\\\/del-yo\\\/nueve-anos-de-y-la-casa-crecia\\\/#primaryimage\"},\"thumbnailUrl\":\"https:\\\/\\\/jesuscampos.com\\\/blog\\\/wp-content\\\/uploads\\\/2025\\\/04\\\/compania-y-la-casa-crecia.jpg\",\"datePublished\":\"2025-03-05T09:32:51+00:00\",\"dateModified\":\"2025-04-06T09:33:17+00:00\",\"author\":{\"@id\":\"https:\\\/\\\/jesuscampos.com\\\/blog\\\/#\\\/schema\\\/person\\\/3cc8fc4f9758d022fed2d6cd6fa162b3\"},\"description\":\"Vaso medio lleno: Hace nueve a\u00f1os estrenaba \\\"... y la casa crec\u00eda\\\". Vaso medio vac\u00edo: Hace nueve a\u00f1os que no estreno.\",\"breadcrumb\":{\"@id\":\"https:\\\/\\\/jesuscampos.com\\\/blog\\\/movidas-de-actualidad\\\/del-yo\\\/nueve-anos-de-y-la-casa-crecia\\\/#breadcrumb\"},\"inLanguage\":\"es\",\"potentialAction\":[{\"@type\":\"ReadAction\",\"target\":[\"https:\\\/\\\/jesuscampos.com\\\/blog\\\/movidas-de-actualidad\\\/del-yo\\\/nueve-anos-de-y-la-casa-crecia\\\/\"]}]},{\"@type\":\"ImageObject\",\"inLanguage\":\"es\",\"@id\":\"https:\\\/\\\/jesuscampos.com\\\/blog\\\/movidas-de-actualidad\\\/del-yo\\\/nueve-anos-de-y-la-casa-crecia\\\/#primaryimage\",\"url\":\"https:\\\/\\\/jesuscampos.com\\\/blog\\\/wp-content\\\/uploads\\\/2025\\\/04\\\/compania-y-la-casa-crecia.jpg\",\"contentUrl\":\"https:\\\/\\\/jesuscampos.com\\\/blog\\\/wp-content\\\/uploads\\\/2025\\\/04\\\/compania-y-la-casa-crecia.jpg\",\"width\":599,\"height\":399},{\"@type\":\"BreadcrumbList\",\"@id\":\"https:\\\/\\\/jesuscampos.com\\\/blog\\\/movidas-de-actualidad\\\/del-yo\\\/nueve-anos-de-y-la-casa-crecia\\\/#breadcrumb\",\"itemListElement\":[{\"@type\":\"ListItem\",\"position\":1,\"name\":\"Portada\",\"item\":\"https:\\\/\\\/jesuscampos.com\\\/blog\\\/\"},{\"@type\":\"ListItem\",\"position\":2,\"name\":\"Nueve a\u00f1os de \u00ab&#8230; y la casa crec\u00eda\u00bb\"}]},{\"@type\":\"WebSite\",\"@id\":\"https:\\\/\\\/jesuscampos.com\\\/blog\\\/#website\",\"url\":\"https:\\\/\\\/jesuscampos.com\\\/blog\\\/\",\"name\":\"BLOG DE NUEVOS CUELGUES\",\"description\":\"Blog de Jes\u00fas Campos Garc\u00eda. Novelista, autor teatral, director y escen\u00f3grafo\",\"potentialAction\":[{\"@type\":\"SearchAction\",\"target\":{\"@type\":\"EntryPoint\",\"urlTemplate\":\"https:\\\/\\\/jesuscampos.com\\\/blog\\\/?s={search_term_string}\"},\"query-input\":{\"@type\":\"PropertyValueSpecification\",\"valueRequired\":true,\"valueName\":\"search_term_string\"}}],\"inLanguage\":\"es\"},{\"@type\":\"Person\",\"@id\":\"https:\\\/\\\/jesuscampos.com\\\/blog\\\/#\\\/schema\\\/person\\\/3cc8fc4f9758d022fed2d6cd6fa162b3\",\"name\":\"Jes\u00fas Campos\",\"image\":{\"@type\":\"ImageObject\",\"inLanguage\":\"es\",\"@id\":\"https:\\\/\\\/secure.gravatar.com\\\/avatar\\\/335943b5c9089b9f0b270f00aa7dfa70455a2d6a5896603d1791031bce6da3d9?s=96&d=mm&r=g\",\"url\":\"https:\\\/\\\/secure.gravatar.com\\\/avatar\\\/335943b5c9089b9f0b270f00aa7dfa70455a2d6a5896603d1791031bce6da3d9?s=96&d=mm&r=g\",\"contentUrl\":\"https:\\\/\\\/secure.gravatar.com\\\/avatar\\\/335943b5c9089b9f0b270f00aa7dfa70455a2d6a5896603d1791031bce6da3d9?s=96&d=mm&r=g\",\"caption\":\"Jes\u00fas Campos\"},\"url\":\"https:\\\/\\\/jesuscampos.com\\\/blog\\\/author\\\/jesus_campos\\\/\"}]}<\/script>\n<!-- \/ Yoast SEO plugin. -->","yoast_head_json":{"title":"Nueve a\u00f1os de \"... y la casa crec\u00eda\" - BLOG DE NUEVOS CUELGUES","description":"Vaso medio lleno: Hace nueve a\u00f1os estrenaba \"... y la casa crec\u00eda\". Vaso medio vac\u00edo: Hace nueve a\u00f1os que no estreno.","robots":{"index":"index","follow":"follow","max-snippet":"max-snippet:-1","max-image-preview":"max-image-preview:large","max-video-preview":"max-video-preview:-1"},"canonical":"https:\/\/jesuscampos.com\/blog\/movidas-de-actualidad\/del-yo\/nueve-anos-de-y-la-casa-crecia\/","og_locale":"es_ES","og_type":"article","og_title":"Nueve a\u00f1os de \"... y la casa crec\u00eda\" - BLOG DE NUEVOS CUELGUES","og_description":"Vaso medio lleno: Hace nueve a\u00f1os estrenaba \"... y la casa crec\u00eda\". Vaso medio vac\u00edo: Hace nueve a\u00f1os que no estreno.","og_url":"https:\/\/jesuscampos.com\/blog\/movidas-de-actualidad\/del-yo\/nueve-anos-de-y-la-casa-crecia\/","og_site_name":"BLOG DE NUEVOS CUELGUES","article_published_time":"2025-03-05T09:32:51+00:00","article_modified_time":"2025-04-06T09:33:17+00:00","og_image":[{"width":599,"height":399,"url":"https:\/\/jesuscampos.com\/blog\/wp-content\/uploads\/2025\/04\/compania-y-la-casa-crecia.jpg","type":"image\/jpeg"}],"author":"Jes\u00fas Campos","twitter_card":"summary_large_image","twitter_misc":{"Escrito por":"Jes\u00fas Campos","Tiempo de lectura":"1 minuto"},"schema":{"@context":"https:\/\/schema.org","@graph":[{"@type":"Article","@id":"https:\/\/jesuscampos.com\/blog\/movidas-de-actualidad\/del-yo\/nueve-anos-de-y-la-casa-crecia\/#article","isPartOf":{"@id":"https:\/\/jesuscampos.com\/blog\/movidas-de-actualidad\/del-yo\/nueve-anos-de-y-la-casa-crecia\/"},"author":{"name":"Jes\u00fas Campos","@id":"https:\/\/jesuscampos.com\/blog\/#\/schema\/person\/3cc8fc4f9758d022fed2d6cd6fa162b3"},"headline":"Nueve a\u00f1os de \u00ab&#8230; y la casa crec\u00eda\u00bb","datePublished":"2025-03-05T09:32:51+00:00","dateModified":"2025-04-06T09:33:17+00:00","mainEntityOfPage":{"@id":"https:\/\/jesuscampos.com\/blog\/movidas-de-actualidad\/del-yo\/nueve-anos-de-y-la-casa-crecia\/"},"wordCount":82,"commentCount":0,"image":{"@id":"https:\/\/jesuscampos.com\/blog\/movidas-de-actualidad\/del-yo\/nueve-anos-de-y-la-casa-crecia\/#primaryimage"},"thumbnailUrl":"https:\/\/jesuscampos.com\/blog\/wp-content\/uploads\/2025\/04\/compania-y-la-casa-crecia.jpg","keywords":["Ana Cerdeiri\u00f1a","Isidro Ferrer","Marilyn Torres","Juan Matute","Jos\u00e9 Ram\u00f3n Arredondo","Samuel Viyuela","Fernando Albizu","Juan Carlos Talavera","y la casa crec\u00eda","Juan G\u00f3mez-Cornejo","Teatro Mar\u00eda Guerrero","teatro espa\u00f1ol actual","Roberto Altozano","Instituto Nacional de las Artes Esc\u00e9nicas y de la M\u00fasica","INAEM","Comedia de humor","cdn","Alegor\u00eda pol\u00edtica","centro dram\u00e1tico nacional","Crisis financiera","Ana Marzoa","\u00c1lvaro Luna","Miguel Palenzuela","Mar\u00eda Luisa Engel","Luis Hostalot","Javier Lamela"],"articleSection":["Del yo"],"inLanguage":"es","potentialAction":[{"@type":"CommentAction","name":"Comment","target":["https:\/\/jesuscampos.com\/blog\/movidas-de-actualidad\/del-yo\/nueve-anos-de-y-la-casa-crecia\/#respond"]}]},{"@type":"WebPage","@id":"https:\/\/jesuscampos.com\/blog\/movidas-de-actualidad\/del-yo\/nueve-anos-de-y-la-casa-crecia\/","url":"https:\/\/jesuscampos.com\/blog\/movidas-de-actualidad\/del-yo\/nueve-anos-de-y-la-casa-crecia\/","name":"Nueve a\u00f1os de \"... y la casa crec\u00eda\" - BLOG DE NUEVOS CUELGUES","isPartOf":{"@id":"https:\/\/jesuscampos.com\/blog\/#website"},"primaryImageOfPage":{"@id":"https:\/\/jesuscampos.com\/blog\/movidas-de-actualidad\/del-yo\/nueve-anos-de-y-la-casa-crecia\/#primaryimage"},"image":{"@id":"https:\/\/jesuscampos.com\/blog\/movidas-de-actualidad\/del-yo\/nueve-anos-de-y-la-casa-crecia\/#primaryimage"},"thumbnailUrl":"https:\/\/jesuscampos.com\/blog\/wp-content\/uploads\/2025\/04\/compania-y-la-casa-crecia.jpg","datePublished":"2025-03-05T09:32:51+00:00","dateModified":"2025-04-06T09:33:17+00:00","author":{"@id":"https:\/\/jesuscampos.com\/blog\/#\/schema\/person\/3cc8fc4f9758d022fed2d6cd6fa162b3"},"description":"Vaso medio lleno: Hace nueve a\u00f1os estrenaba \"... y la casa crec\u00eda\". Vaso medio vac\u00edo: Hace nueve a\u00f1os que no estreno.","breadcrumb":{"@id":"https:\/\/jesuscampos.com\/blog\/movidas-de-actualidad\/del-yo\/nueve-anos-de-y-la-casa-crecia\/#breadcrumb"},"inLanguage":"es","potentialAction":[{"@type":"ReadAction","target":["https:\/\/jesuscampos.com\/blog\/movidas-de-actualidad\/del-yo\/nueve-anos-de-y-la-casa-crecia\/"]}]},{"@type":"ImageObject","inLanguage":"es","@id":"https:\/\/jesuscampos.com\/blog\/movidas-de-actualidad\/del-yo\/nueve-anos-de-y-la-casa-crecia\/#primaryimage","url":"https:\/\/jesuscampos.com\/blog\/wp-content\/uploads\/2025\/04\/compania-y-la-casa-crecia.jpg","contentUrl":"https:\/\/jesuscampos.com\/blog\/wp-content\/uploads\/2025\/04\/compania-y-la-casa-crecia.jpg","width":599,"height":399},{"@type":"BreadcrumbList","@id":"https:\/\/jesuscampos.com\/blog\/movidas-de-actualidad\/del-yo\/nueve-anos-de-y-la-casa-crecia\/#breadcrumb","itemListElement":[{"@type":"ListItem","position":1,"name":"Portada","item":"https:\/\/jesuscampos.com\/blog\/"},{"@type":"ListItem","position":2,"name":"Nueve a\u00f1os de \u00ab&#8230; y la casa crec\u00eda\u00bb"}]},{"@type":"WebSite","@id":"https:\/\/jesuscampos.com\/blog\/#website","url":"https:\/\/jesuscampos.com\/blog\/","name":"BLOG DE NUEVOS CUELGUES","description":"Blog de Jes\u00fas Campos Garc\u00eda. Novelista, autor teatral, director y escen\u00f3grafo","potentialAction":[{"@type":"SearchAction","target":{"@type":"EntryPoint","urlTemplate":"https:\/\/jesuscampos.com\/blog\/?s={search_term_string}"},"query-input":{"@type":"PropertyValueSpecification","valueRequired":true,"valueName":"search_term_string"}}],"inLanguage":"es"},{"@type":"Person","@id":"https:\/\/jesuscampos.com\/blog\/#\/schema\/person\/3cc8fc4f9758d022fed2d6cd6fa162b3","name":"Jes\u00fas Campos","image":{"@type":"ImageObject","inLanguage":"es","@id":"https:\/\/secure.gravatar.com\/avatar\/335943b5c9089b9f0b270f00aa7dfa70455a2d6a5896603d1791031bce6da3d9?s=96&d=mm&r=g","url":"https:\/\/secure.gravatar.com\/avatar\/335943b5c9089b9f0b270f00aa7dfa70455a2d6a5896603d1791031bce6da3d9?s=96&d=mm&r=g","contentUrl":"https:\/\/secure.gravatar.com\/avatar\/335943b5c9089b9f0b270f00aa7dfa70455a2d6a5896603d1791031bce6da3d9?s=96&d=mm&r=g","caption":"Jes\u00fas Campos"},"url":"https:\/\/jesuscampos.com\/blog\/author\/jesus_campos\/"}]}},"jetpack_featured_media_url":"https:\/\/jesuscampos.com\/blog\/wp-content\/uploads\/2025\/04\/compania-y-la-casa-crecia.jpg","jetpack_sharing_enabled":true,"_links":{"self":[{"href":"https:\/\/jesuscampos.com\/blog\/wp-json\/wp\/v2\/posts\/2286","targetHints":{"allow":["GET"]}}],"collection":[{"href":"https:\/\/jesuscampos.com\/blog\/wp-json\/wp\/v2\/posts"}],"about":[{"href":"https:\/\/jesuscampos.com\/blog\/wp-json\/wp\/v2\/types\/post"}],"author":[{"embeddable":true,"href":"https:\/\/jesuscampos.com\/blog\/wp-json\/wp\/v2\/users\/3"}],"replies":[{"embeddable":true,"href":"https:\/\/jesuscampos.com\/blog\/wp-json\/wp\/v2\/comments?post=2286"}],"version-history":[{"count":1,"href":"https:\/\/jesuscampos.com\/blog\/wp-json\/wp\/v2\/posts\/2286\/revisions"}],"predecessor-version":[{"id":2288,"href":"https:\/\/jesuscampos.com\/blog\/wp-json\/wp\/v2\/posts\/2286\/revisions\/2288"}],"wp:featuredmedia":[{"embeddable":true,"href":"https:\/\/jesuscampos.com\/blog\/wp-json\/wp\/v2\/media\/2287"}],"wp:attachment":[{"href":"https:\/\/jesuscampos.com\/blog\/wp-json\/wp\/v2\/media?parent=2286"}],"wp:term":[{"taxonomy":"category","embeddable":true,"href":"https:\/\/jesuscampos.com\/blog\/wp-json\/wp\/v2\/categories?post=2286"},{"taxonomy":"post_tag","embeddable":true,"href":"https:\/\/jesuscampos.com\/blog\/wp-json\/wp\/v2\/tags?post=2286"}],"curies":[{"name":"wp","href":"https:\/\/api.w.org\/{rel}","templated":true}]}}