{"id":1989,"date":"2024-02-22T21:11:58","date_gmt":"2024-02-22T21:11:58","guid":{"rendered":"https:\/\/jesuscampos.com\/blog\/?p=1989"},"modified":"2024-04-02T21:15:11","modified_gmt":"2024-04-02T21:15:11","slug":"jose-tamayo","status":"publish","type":"post","link":"https:\/\/jesuscampos.com\/blog\/movidas-de-actualidad\/del-entorno\/jose-tamayo\/","title":{"rendered":"Jos\u00e9 Tamayo"},"content":{"rendered":"<p><img loading=\"lazy\" decoding=\"async\" class=\"alignnone size-full wp-image-1991\" src=\"https:\/\/jesuscampos.com\/blog\/wp-content\/uploads\/2024\/02\/cena-parsa-web.jpg\" alt=\"la cena del rey baltasar\" width=\"1600\" height=\"1600\" srcset=\"https:\/\/jesuscampos.com\/blog\/wp-content\/uploads\/2024\/02\/cena-parsa-web.jpg 1600w, https:\/\/jesuscampos.com\/blog\/wp-content\/uploads\/2024\/02\/cena-parsa-web-1280x1280.jpg 1280w, https:\/\/jesuscampos.com\/blog\/wp-content\/uploads\/2024\/02\/cena-parsa-web-980x980.jpg 980w, https:\/\/jesuscampos.com\/blog\/wp-content\/uploads\/2024\/02\/cena-parsa-web-480x480.jpg 480w\" sizes=\"auto, (min-width: 0px) and (max-width: 480px) 480px, (min-width: 481px) and (max-width: 980px) 980px, (min-width: 981px) and (max-width: 1280px) 1280px, (min-width: 1281px) 1600px, 100vw\" \/><\/p>\n<p>Los miembros de la Academia de las Artes Esc\u00e9nicas de Espa\u00f1a recordamos el pasado lunes a Jos\u00e9 Tamayo en el Teatro Bellas Artes de Madrid. Una vida teatral tan intensa y prolongada como la suya da para muchos dimes y diretes, memor\u00e1ndum al que me gustar\u00eda aportar aqu\u00ed el recuerdo de la representaci\u00f3n en la fachada de la Catedral de Ja\u00e9n de \u201cLa Cena del Rey Baltasar\u201d que presenci\u00e9 con unos doce a\u00f1os, que ser\u00eda en 1950 aproximadamente. Con un reparto tan extenso, m\u00e1s los coros del seminario y un batall\u00f3n de infanter\u00eda como figurantes, los int\u00e9rpretes en el escenario se contaban por cientos. Huelga decir que fue una puesta en escena de las que hacen afici\u00f3n. Y adem\u00e1s fue mi primer contacto con los cl\u00e1sicos que, aunque ya hab\u00eda visto mucho teatro, todo eran sainetes y comedias de tresillo.<\/p>\n","protected":false},"excerpt":{"rendered":"<p>Los miembros de la Academia de las Artes Esc\u00e9nicas de Espa\u00f1a recordamos el pasado lunes a Jos\u00e9 Tamayo en el Teatro Bellas Artes de Madrid.<\/p>\n","protected":false},"author":3,"featured_media":1991,"comment_status":"open","ping_status":"open","sticky":false,"template":"","format":"standard","meta":{"_et_pb_use_builder":"","_et_pb_old_content":"","_et_gb_content_width":"","_jetpack_memberships_contains_paid_content":false,"footnotes":""},"categories":[4],"tags":[185,461,462,463],"class_list":["post-1989","post","type-post","status-publish","format-standard","has-post-thumbnail","hentry","category-del-entorno","tag-director-de-escena","tag-jose-tamayo","tag-teatro-bellas-artes","tag-academia-de-las-artes-escenicas"],"yoast_head":"<!-- This site is optimized with the Yoast SEO plugin v27.5 - https:\/\/yoast.com\/product\/yoast-seo-wordpress\/ -->\n<title>Jos\u00e9 Tamayo - BLOG DE NUEVOS CUELGUES<\/title>\n<meta name=\"description\" content=\"Los miembros de la Academia de las Artes Esc\u00e9nicas de Espa\u00f1a recordamos el pasado lunes a Jos\u00e9 Tamayo en el Teatro Bellas Artes de Madrid\" \/>\n<meta name=\"robots\" content=\"index, follow, max-snippet:-1, max-image-preview:large, max-video-preview:-1\" \/>\n<link rel=\"canonical\" href=\"https:\/\/jesuscampos.com\/blog\/movidas-de-actualidad\/del-entorno\/jose-tamayo\/\" \/>\n<meta property=\"og:locale\" content=\"es_ES\" \/>\n<meta property=\"og:type\" content=\"article\" \/>\n<meta property=\"og:title\" content=\"Jos\u00e9 Tamayo - BLOG DE NUEVOS CUELGUES\" \/>\n<meta property=\"og:description\" content=\"Los miembros de la Academia de las Artes Esc\u00e9nicas de Espa\u00f1a recordamos el pasado lunes a Jos\u00e9 Tamayo en el Teatro Bellas Artes de Madrid\" \/>\n<meta property=\"og:url\" content=\"https:\/\/jesuscampos.com\/blog\/movidas-de-actualidad\/del-entorno\/jose-tamayo\/\" \/>\n<meta property=\"og:site_name\" content=\"BLOG DE NUEVOS CUELGUES\" \/>\n<meta property=\"article:published_time\" content=\"2024-02-22T21:11:58+00:00\" \/>\n<meta property=\"article:modified_time\" content=\"2024-04-02T21:15:11+00:00\" \/>\n<meta property=\"og:image\" content=\"https:\/\/jesuscampos.com\/blog\/wp-content\/uploads\/2024\/02\/cena-parsa-web.jpg\" \/>\n\t<meta property=\"og:image:width\" content=\"1600\" \/>\n\t<meta property=\"og:image:height\" content=\"1600\" \/>\n\t<meta property=\"og:image:type\" content=\"image\/jpeg\" \/>\n<meta name=\"author\" content=\"Jes\u00fas Campos\" \/>\n<meta name=\"twitter:card\" content=\"summary_large_image\" \/>\n<meta name=\"twitter:label1\" content=\"Escrito por\" \/>\n\t<meta name=\"twitter:data1\" content=\"Jes\u00fas Campos\" \/>\n\t<meta name=\"twitter:label2\" content=\"Tiempo de lectura\" \/>\n\t<meta name=\"twitter:data2\" content=\"2 minutos\" \/>\n<script type=\"application\/ld+json\" class=\"yoast-schema-graph\">{\"@context\":\"https:\\\/\\\/schema.org\",\"@graph\":[{\"@type\":\"Article\",\"@id\":\"https:\\\/\\\/jesuscampos.com\\\/blog\\\/movidas-de-actualidad\\\/del-entorno\\\/jose-tamayo\\\/#article\",\"isPartOf\":{\"@id\":\"https:\\\/\\\/jesuscampos.com\\\/blog\\\/movidas-de-actualidad\\\/del-entorno\\\/jose-tamayo\\\/\"},\"author\":{\"name\":\"Jes\u00fas Campos\",\"@id\":\"https:\\\/\\\/jesuscampos.com\\\/blog\\\/#\\\/schema\\\/person\\\/3cc8fc4f9758d022fed2d6cd6fa162b3\"},\"headline\":\"Jos\u00e9 Tamayo\",\"datePublished\":\"2024-02-22T21:11:58+00:00\",\"dateModified\":\"2024-04-02T21:15:11+00:00\",\"mainEntityOfPage\":{\"@id\":\"https:\\\/\\\/jesuscampos.com\\\/blog\\\/movidas-de-actualidad\\\/del-entorno\\\/jose-tamayo\\\/\"},\"wordCount\":157,\"commentCount\":0,\"image\":{\"@id\":\"https:\\\/\\\/jesuscampos.com\\\/blog\\\/movidas-de-actualidad\\\/del-entorno\\\/jose-tamayo\\\/#primaryimage\"},\"thumbnailUrl\":\"https:\\\/\\\/jesuscampos.com\\\/blog\\\/wp-content\\\/uploads\\\/2024\\\/02\\\/cena-parsa-web.jpg\",\"keywords\":[\"director de escena\",\"Jos\u00e9 Tamayo\",\"Teatro Bellas Artes\",\"Academia de las Artes Esc\u00e9nicas\"],\"articleSection\":[\"Del entorno\"],\"inLanguage\":\"es\",\"potentialAction\":[{\"@type\":\"CommentAction\",\"name\":\"Comment\",\"target\":[\"https:\\\/\\\/jesuscampos.com\\\/blog\\\/movidas-de-actualidad\\\/del-entorno\\\/jose-tamayo\\\/#respond\"]}]},{\"@type\":\"WebPage\",\"@id\":\"https:\\\/\\\/jesuscampos.com\\\/blog\\\/movidas-de-actualidad\\\/del-entorno\\\/jose-tamayo\\\/\",\"url\":\"https:\\\/\\\/jesuscampos.com\\\/blog\\\/movidas-de-actualidad\\\/del-entorno\\\/jose-tamayo\\\/\",\"name\":\"Jos\u00e9 Tamayo - BLOG DE NUEVOS CUELGUES\",\"isPartOf\":{\"@id\":\"https:\\\/\\\/jesuscampos.com\\\/blog\\\/#website\"},\"primaryImageOfPage\":{\"@id\":\"https:\\\/\\\/jesuscampos.com\\\/blog\\\/movidas-de-actualidad\\\/del-entorno\\\/jose-tamayo\\\/#primaryimage\"},\"image\":{\"@id\":\"https:\\\/\\\/jesuscampos.com\\\/blog\\\/movidas-de-actualidad\\\/del-entorno\\\/jose-tamayo\\\/#primaryimage\"},\"thumbnailUrl\":\"https:\\\/\\\/jesuscampos.com\\\/blog\\\/wp-content\\\/uploads\\\/2024\\\/02\\\/cena-parsa-web.jpg\",\"datePublished\":\"2024-02-22T21:11:58+00:00\",\"dateModified\":\"2024-04-02T21:15:11+00:00\",\"author\":{\"@id\":\"https:\\\/\\\/jesuscampos.com\\\/blog\\\/#\\\/schema\\\/person\\\/3cc8fc4f9758d022fed2d6cd6fa162b3\"},\"description\":\"Los miembros de la Academia de las Artes Esc\u00e9nicas de Espa\u00f1a recordamos el pasado lunes a Jos\u00e9 Tamayo en el Teatro Bellas Artes de Madrid\",\"breadcrumb\":{\"@id\":\"https:\\\/\\\/jesuscampos.com\\\/blog\\\/movidas-de-actualidad\\\/del-entorno\\\/jose-tamayo\\\/#breadcrumb\"},\"inLanguage\":\"es\",\"potentialAction\":[{\"@type\":\"ReadAction\",\"target\":[\"https:\\\/\\\/jesuscampos.com\\\/blog\\\/movidas-de-actualidad\\\/del-entorno\\\/jose-tamayo\\\/\"]}]},{\"@type\":\"ImageObject\",\"inLanguage\":\"es\",\"@id\":\"https:\\\/\\\/jesuscampos.com\\\/blog\\\/movidas-de-actualidad\\\/del-entorno\\\/jose-tamayo\\\/#primaryimage\",\"url\":\"https:\\\/\\\/jesuscampos.com\\\/blog\\\/wp-content\\\/uploads\\\/2024\\\/02\\\/cena-parsa-web.jpg\",\"contentUrl\":\"https:\\\/\\\/jesuscampos.com\\\/blog\\\/wp-content\\\/uploads\\\/2024\\\/02\\\/cena-parsa-web.jpg\",\"width\":1600,\"height\":1600,\"caption\":\"la cena del rey baltasar\"},{\"@type\":\"BreadcrumbList\",\"@id\":\"https:\\\/\\\/jesuscampos.com\\\/blog\\\/movidas-de-actualidad\\\/del-entorno\\\/jose-tamayo\\\/#breadcrumb\",\"itemListElement\":[{\"@type\":\"ListItem\",\"position\":1,\"name\":\"Portada\",\"item\":\"https:\\\/\\\/jesuscampos.com\\\/blog\\\/\"},{\"@type\":\"ListItem\",\"position\":2,\"name\":\"Jos\u00e9 Tamayo\"}]},{\"@type\":\"WebSite\",\"@id\":\"https:\\\/\\\/jesuscampos.com\\\/blog\\\/#website\",\"url\":\"https:\\\/\\\/jesuscampos.com\\\/blog\\\/\",\"name\":\"BLOG DE NUEVOS CUELGUES\",\"description\":\"Blog de Jes\u00fas Campos Garc\u00eda. Novelista, autor teatral, director y escen\u00f3grafo\",\"potentialAction\":[{\"@type\":\"SearchAction\",\"target\":{\"@type\":\"EntryPoint\",\"urlTemplate\":\"https:\\\/\\\/jesuscampos.com\\\/blog\\\/?s={search_term_string}\"},\"query-input\":{\"@type\":\"PropertyValueSpecification\",\"valueRequired\":true,\"valueName\":\"search_term_string\"}}],\"inLanguage\":\"es\"},{\"@type\":\"Person\",\"@id\":\"https:\\\/\\\/jesuscampos.com\\\/blog\\\/#\\\/schema\\\/person\\\/3cc8fc4f9758d022fed2d6cd6fa162b3\",\"name\":\"Jes\u00fas Campos\",\"image\":{\"@type\":\"ImageObject\",\"inLanguage\":\"es\",\"@id\":\"https:\\\/\\\/secure.gravatar.com\\\/avatar\\\/335943b5c9089b9f0b270f00aa7dfa70455a2d6a5896603d1791031bce6da3d9?s=96&d=mm&r=g\",\"url\":\"https:\\\/\\\/secure.gravatar.com\\\/avatar\\\/335943b5c9089b9f0b270f00aa7dfa70455a2d6a5896603d1791031bce6da3d9?s=96&d=mm&r=g\",\"contentUrl\":\"https:\\\/\\\/secure.gravatar.com\\\/avatar\\\/335943b5c9089b9f0b270f00aa7dfa70455a2d6a5896603d1791031bce6da3d9?s=96&d=mm&r=g\",\"caption\":\"Jes\u00fas Campos\"},\"url\":\"https:\\\/\\\/jesuscampos.com\\\/blog\\\/author\\\/jesus_campos\\\/\"}]}<\/script>\n<!-- \/ Yoast SEO plugin. -->","yoast_head_json":{"title":"Jos\u00e9 Tamayo - BLOG DE NUEVOS CUELGUES","description":"Los miembros de la Academia de las Artes Esc\u00e9nicas de Espa\u00f1a recordamos el pasado lunes a Jos\u00e9 Tamayo en el Teatro Bellas Artes de Madrid","robots":{"index":"index","follow":"follow","max-snippet":"max-snippet:-1","max-image-preview":"max-image-preview:large","max-video-preview":"max-video-preview:-1"},"canonical":"https:\/\/jesuscampos.com\/blog\/movidas-de-actualidad\/del-entorno\/jose-tamayo\/","og_locale":"es_ES","og_type":"article","og_title":"Jos\u00e9 Tamayo - BLOG DE NUEVOS CUELGUES","og_description":"Los miembros de la Academia de las Artes Esc\u00e9nicas de Espa\u00f1a recordamos el pasado lunes a Jos\u00e9 Tamayo en el Teatro Bellas Artes de Madrid","og_url":"https:\/\/jesuscampos.com\/blog\/movidas-de-actualidad\/del-entorno\/jose-tamayo\/","og_site_name":"BLOG DE NUEVOS CUELGUES","article_published_time":"2024-02-22T21:11:58+00:00","article_modified_time":"2024-04-02T21:15:11+00:00","og_image":[{"width":1600,"height":1600,"url":"https:\/\/jesuscampos.com\/blog\/wp-content\/uploads\/2024\/02\/cena-parsa-web.jpg","type":"image\/jpeg"}],"author":"Jes\u00fas Campos","twitter_card":"summary_large_image","twitter_misc":{"Escrito por":"Jes\u00fas Campos","Tiempo de lectura":"2 minutos"},"schema":{"@context":"https:\/\/schema.org","@graph":[{"@type":"Article","@id":"https:\/\/jesuscampos.com\/blog\/movidas-de-actualidad\/del-entorno\/jose-tamayo\/#article","isPartOf":{"@id":"https:\/\/jesuscampos.com\/blog\/movidas-de-actualidad\/del-entorno\/jose-tamayo\/"},"author":{"name":"Jes\u00fas Campos","@id":"https:\/\/jesuscampos.com\/blog\/#\/schema\/person\/3cc8fc4f9758d022fed2d6cd6fa162b3"},"headline":"Jos\u00e9 Tamayo","datePublished":"2024-02-22T21:11:58+00:00","dateModified":"2024-04-02T21:15:11+00:00","mainEntityOfPage":{"@id":"https:\/\/jesuscampos.com\/blog\/movidas-de-actualidad\/del-entorno\/jose-tamayo\/"},"wordCount":157,"commentCount":0,"image":{"@id":"https:\/\/jesuscampos.com\/blog\/movidas-de-actualidad\/del-entorno\/jose-tamayo\/#primaryimage"},"thumbnailUrl":"https:\/\/jesuscampos.com\/blog\/wp-content\/uploads\/2024\/02\/cena-parsa-web.jpg","keywords":["director de escena","Jos\u00e9 Tamayo","Teatro Bellas Artes","Academia de las Artes Esc\u00e9nicas"],"articleSection":["Del entorno"],"inLanguage":"es","potentialAction":[{"@type":"CommentAction","name":"Comment","target":["https:\/\/jesuscampos.com\/blog\/movidas-de-actualidad\/del-entorno\/jose-tamayo\/#respond"]}]},{"@type":"WebPage","@id":"https:\/\/jesuscampos.com\/blog\/movidas-de-actualidad\/del-entorno\/jose-tamayo\/","url":"https:\/\/jesuscampos.com\/blog\/movidas-de-actualidad\/del-entorno\/jose-tamayo\/","name":"Jos\u00e9 Tamayo - BLOG DE NUEVOS CUELGUES","isPartOf":{"@id":"https:\/\/jesuscampos.com\/blog\/#website"},"primaryImageOfPage":{"@id":"https:\/\/jesuscampos.com\/blog\/movidas-de-actualidad\/del-entorno\/jose-tamayo\/#primaryimage"},"image":{"@id":"https:\/\/jesuscampos.com\/blog\/movidas-de-actualidad\/del-entorno\/jose-tamayo\/#primaryimage"},"thumbnailUrl":"https:\/\/jesuscampos.com\/blog\/wp-content\/uploads\/2024\/02\/cena-parsa-web.jpg","datePublished":"2024-02-22T21:11:58+00:00","dateModified":"2024-04-02T21:15:11+00:00","author":{"@id":"https:\/\/jesuscampos.com\/blog\/#\/schema\/person\/3cc8fc4f9758d022fed2d6cd6fa162b3"},"description":"Los miembros de la Academia de las Artes Esc\u00e9nicas de Espa\u00f1a recordamos el pasado lunes a Jos\u00e9 Tamayo en el Teatro Bellas Artes de Madrid","breadcrumb":{"@id":"https:\/\/jesuscampos.com\/blog\/movidas-de-actualidad\/del-entorno\/jose-tamayo\/#breadcrumb"},"inLanguage":"es","potentialAction":[{"@type":"ReadAction","target":["https:\/\/jesuscampos.com\/blog\/movidas-de-actualidad\/del-entorno\/jose-tamayo\/"]}]},{"@type":"ImageObject","inLanguage":"es","@id":"https:\/\/jesuscampos.com\/blog\/movidas-de-actualidad\/del-entorno\/jose-tamayo\/#primaryimage","url":"https:\/\/jesuscampos.com\/blog\/wp-content\/uploads\/2024\/02\/cena-parsa-web.jpg","contentUrl":"https:\/\/jesuscampos.com\/blog\/wp-content\/uploads\/2024\/02\/cena-parsa-web.jpg","width":1600,"height":1600,"caption":"la cena del rey baltasar"},{"@type":"BreadcrumbList","@id":"https:\/\/jesuscampos.com\/blog\/movidas-de-actualidad\/del-entorno\/jose-tamayo\/#breadcrumb","itemListElement":[{"@type":"ListItem","position":1,"name":"Portada","item":"https:\/\/jesuscampos.com\/blog\/"},{"@type":"ListItem","position":2,"name":"Jos\u00e9 Tamayo"}]},{"@type":"WebSite","@id":"https:\/\/jesuscampos.com\/blog\/#website","url":"https:\/\/jesuscampos.com\/blog\/","name":"BLOG DE NUEVOS CUELGUES","description":"Blog de Jes\u00fas Campos Garc\u00eda. Novelista, autor teatral, director y escen\u00f3grafo","potentialAction":[{"@type":"SearchAction","target":{"@type":"EntryPoint","urlTemplate":"https:\/\/jesuscampos.com\/blog\/?s={search_term_string}"},"query-input":{"@type":"PropertyValueSpecification","valueRequired":true,"valueName":"search_term_string"}}],"inLanguage":"es"},{"@type":"Person","@id":"https:\/\/jesuscampos.com\/blog\/#\/schema\/person\/3cc8fc4f9758d022fed2d6cd6fa162b3","name":"Jes\u00fas Campos","image":{"@type":"ImageObject","inLanguage":"es","@id":"https:\/\/secure.gravatar.com\/avatar\/335943b5c9089b9f0b270f00aa7dfa70455a2d6a5896603d1791031bce6da3d9?s=96&d=mm&r=g","url":"https:\/\/secure.gravatar.com\/avatar\/335943b5c9089b9f0b270f00aa7dfa70455a2d6a5896603d1791031bce6da3d9?s=96&d=mm&r=g","contentUrl":"https:\/\/secure.gravatar.com\/avatar\/335943b5c9089b9f0b270f00aa7dfa70455a2d6a5896603d1791031bce6da3d9?s=96&d=mm&r=g","caption":"Jes\u00fas Campos"},"url":"https:\/\/jesuscampos.com\/blog\/author\/jesus_campos\/"}]}},"jetpack_featured_media_url":"https:\/\/jesuscampos.com\/blog\/wp-content\/uploads\/2024\/02\/cena-parsa-web.jpg","jetpack_sharing_enabled":true,"_links":{"self":[{"href":"https:\/\/jesuscampos.com\/blog\/wp-json\/wp\/v2\/posts\/1989","targetHints":{"allow":["GET"]}}],"collection":[{"href":"https:\/\/jesuscampos.com\/blog\/wp-json\/wp\/v2\/posts"}],"about":[{"href":"https:\/\/jesuscampos.com\/blog\/wp-json\/wp\/v2\/types\/post"}],"author":[{"embeddable":true,"href":"https:\/\/jesuscampos.com\/blog\/wp-json\/wp\/v2\/users\/3"}],"replies":[{"embeddable":true,"href":"https:\/\/jesuscampos.com\/blog\/wp-json\/wp\/v2\/comments?post=1989"}],"version-history":[{"count":3,"href":"https:\/\/jesuscampos.com\/blog\/wp-json\/wp\/v2\/posts\/1989\/revisions"}],"predecessor-version":[{"id":1993,"href":"https:\/\/jesuscampos.com\/blog\/wp-json\/wp\/v2\/posts\/1989\/revisions\/1993"}],"wp:featuredmedia":[{"embeddable":true,"href":"https:\/\/jesuscampos.com\/blog\/wp-json\/wp\/v2\/media\/1991"}],"wp:attachment":[{"href":"https:\/\/jesuscampos.com\/blog\/wp-json\/wp\/v2\/media?parent=1989"}],"wp:term":[{"taxonomy":"category","embeddable":true,"href":"https:\/\/jesuscampos.com\/blog\/wp-json\/wp\/v2\/categories?post=1989"},{"taxonomy":"post_tag","embeddable":true,"href":"https:\/\/jesuscampos.com\/blog\/wp-json\/wp\/v2\/tags?post=1989"}],"curies":[{"name":"wp","href":"https:\/\/api.w.org\/{rel}","templated":true}]}}