{"id":1706,"date":"2023-09-27T17:23:10","date_gmt":"2023-09-27T17:23:10","guid":{"rendered":"https:\/\/jesuscampos.com\/blog\/?p=1706"},"modified":"2023-10-18T18:40:17","modified_gmt":"2023-10-18T18:40:17","slug":"facundo-de-la-vina","status":"publish","type":"post","link":"https:\/\/jesuscampos.com\/blog\/movidas-de-actualidad\/del-entorno\/facundo-de-la-vina\/","title":{"rendered":"Facundo de la Vi\u00f1a"},"content":{"rendered":"<p><img loading=\"lazy\" decoding=\"async\" class=\"alignnone size-full wp-image-1637\" src=\"https:\/\/jesuscampos.com\/blog\/wp-content\/uploads\/2023\/10\/Facundo.jpg\" alt=\"\" width=\"1080\" height=\"1080\" srcset=\"https:\/\/jesuscampos.com\/blog\/wp-content\/uploads\/2023\/10\/Facundo.jpg 1080w, https:\/\/jesuscampos.com\/blog\/wp-content\/uploads\/2023\/10\/Facundo-980x980.jpg 980w, https:\/\/jesuscampos.com\/blog\/wp-content\/uploads\/2023\/10\/Facundo-480x480.jpg 480w\" sizes=\"auto, (min-width: 0px) and (max-width: 480px) 480px, (min-width: 481px) and (max-width: 980px) 980px, (min-width: 981px) 1080px, 100vw\" \/><\/p>\n<p>Ayer estuve en el Casino de Madrid. Jos\u00e9 Luis Temes presentaba un CD con las obras orquestales de Facundo de la Vi\u00f1a, que grab\u00f3 con la Filarm\u00f3nica de M\u00e1laga y, aparte del valor de la obra (la acabo de escuchar), llam\u00f3 mi atenci\u00f3n el inter\u00e9s que suscita su trabajo de recuperaci\u00f3n de m\u00fasicos espa\u00f1oles que viene llevando a cabo (tres CD en lo que va de a\u00f1o); la Sala del Pr\u00edncipe tiene un aforo considerable y estaba hasta la bandera. Deber\u00edan tomar nota quienes tienen m\u00e1s medios para sacar del olvido lo injustamente olvidado y apoyar con m\u00e1s decisi\u00f3n este tipo de proyectos, porque audiencia tienen.<\/p>\n<p>&nbsp;<\/p>\n","protected":false},"excerpt":{"rendered":"<p>Ayer estuve en el Casino de Madrid. Jos\u00e9 Luis Temes presentaba un CD con las obras orquestales de Facundo de la Vi\u00f1a, que grab\u00f3 con la Filarm\u00f3nica de M\u00e1laga y, aparte del valor de la obra (la acabo de escuchar), llam\u00f3 mi atenci\u00f3n el inter\u00e9s que suscita su trabajo de recuperaci\u00f3n de m\u00fasicos espa\u00f1oles que viene llevando a cabo<\/p>\n","protected":false},"author":3,"featured_media":1637,"comment_status":"open","ping_status":"open","sticky":false,"template":"","format":"standard","meta":{"_et_pb_use_builder":"","_et_pb_old_content":"","_et_gb_content_width":"","_jetpack_memberships_contains_paid_content":false,"footnotes":""},"categories":[4],"tags":[60,161,254,355,356,357,358,359,360],"class_list":["post-1706","post","type-post","status-publish","format-standard","has-post-thumbnail","hentry","category-del-entorno","tag-jose-luis-temes","tag-orquesta-filarmonica-de-malaga","tag-musica-clasica","tag-facundo-de-la-vina","tag-casino-de-madrid","tag-generacion-del-14","tag-compositores-espanoles","tag-presentacion-de-disco","tag-obras-orquestales"],"yoast_head":"<!-- This site is optimized with the Yoast SEO plugin v27.5 - https:\/\/yoast.com\/product\/yoast-seo-wordpress\/ -->\n<title>Facundo de la Vi\u00f1a - BLOG DE NUEVOS CUELGUES<\/title>\n<meta name=\"description\" content=\"Jos\u00e9 Luis Temes presentaba un CD con las obras orquestales de Facundo de la Vi\u00f1a, que grab\u00f3 con la Filarm\u00f3nica de M\u00e1laga\" \/>\n<meta name=\"robots\" content=\"index, follow, max-snippet:-1, max-image-preview:large, max-video-preview:-1\" \/>\n<link rel=\"canonical\" href=\"https:\/\/jesuscampos.com\/blog\/movidas-de-actualidad\/del-entorno\/facundo-de-la-vina\/\" \/>\n<meta property=\"og:locale\" content=\"es_ES\" \/>\n<meta property=\"og:type\" content=\"article\" \/>\n<meta property=\"og:title\" content=\"Facundo de la Vi\u00f1a - BLOG DE NUEVOS CUELGUES\" \/>\n<meta property=\"og:description\" content=\"Jos\u00e9 Luis Temes presentaba un CD con las obras orquestales de Facundo de la Vi\u00f1a, que grab\u00f3 con la Filarm\u00f3nica de M\u00e1laga\" \/>\n<meta property=\"og:url\" content=\"https:\/\/jesuscampos.com\/blog\/movidas-de-actualidad\/del-entorno\/facundo-de-la-vina\/\" \/>\n<meta property=\"og:site_name\" content=\"BLOG DE NUEVOS CUELGUES\" \/>\n<meta property=\"article:published_time\" content=\"2023-09-27T17:23:10+00:00\" \/>\n<meta property=\"article:modified_time\" content=\"2023-10-18T18:40:17+00:00\" \/>\n<meta property=\"og:image\" content=\"https:\/\/jesuscampos.com\/blog\/wp-content\/uploads\/2023\/10\/Facundo.jpg\" \/>\n\t<meta property=\"og:image:width\" content=\"1080\" \/>\n\t<meta property=\"og:image:height\" content=\"1080\" \/>\n\t<meta property=\"og:image:type\" content=\"image\/jpeg\" \/>\n<meta name=\"author\" content=\"Jes\u00fas Campos\" \/>\n<meta name=\"twitter:card\" content=\"summary_large_image\" \/>\n<meta name=\"twitter:label1\" content=\"Escrito por\" \/>\n\t<meta name=\"twitter:data1\" content=\"Jes\u00fas Campos\" \/>\n\t<meta name=\"twitter:label2\" content=\"Tiempo de lectura\" \/>\n\t<meta name=\"twitter:data2\" content=\"1 minuto\" \/>\n<script type=\"application\/ld+json\" class=\"yoast-schema-graph\">{\"@context\":\"https:\\\/\\\/schema.org\",\"@graph\":[{\"@type\":\"Article\",\"@id\":\"https:\\\/\\\/jesuscampos.com\\\/blog\\\/movidas-de-actualidad\\\/del-entorno\\\/facundo-de-la-vina\\\/#article\",\"isPartOf\":{\"@id\":\"https:\\\/\\\/jesuscampos.com\\\/blog\\\/movidas-de-actualidad\\\/del-entorno\\\/facundo-de-la-vina\\\/\"},\"author\":{\"name\":\"Jes\u00fas Campos\",\"@id\":\"https:\\\/\\\/jesuscampos.com\\\/blog\\\/#\\\/schema\\\/person\\\/3cc8fc4f9758d022fed2d6cd6fa162b3\"},\"headline\":\"Facundo de la Vi\u00f1a\",\"datePublished\":\"2023-09-27T17:23:10+00:00\",\"dateModified\":\"2023-10-18T18:40:17+00:00\",\"mainEntityOfPage\":{\"@id\":\"https:\\\/\\\/jesuscampos.com\\\/blog\\\/movidas-de-actualidad\\\/del-entorno\\\/facundo-de-la-vina\\\/\"},\"wordCount\":126,\"commentCount\":0,\"image\":{\"@id\":\"https:\\\/\\\/jesuscampos.com\\\/blog\\\/movidas-de-actualidad\\\/del-entorno\\\/facundo-de-la-vina\\\/#primaryimage\"},\"thumbnailUrl\":\"https:\\\/\\\/jesuscampos.com\\\/blog\\\/wp-content\\\/uploads\\\/2023\\\/10\\\/Facundo.jpg\",\"keywords\":[\"Jos\u00e9 Luis Temes\",\"Orquesta Filarm\u00f3nica de M\u00e1laga\",\"M\u00fasica cl\u00e1sica\",\"Facundo de la Vi\u00f1a\",\"Casino de Madrid\",\"Generaci\u00f3n del 14\",\"compositores espa\u00f1oles\",\"Presentaci\u00f3n de disco\",\"Obras orquestales\"],\"articleSection\":[\"Del entorno\"],\"inLanguage\":\"es\",\"potentialAction\":[{\"@type\":\"CommentAction\",\"name\":\"Comment\",\"target\":[\"https:\\\/\\\/jesuscampos.com\\\/blog\\\/movidas-de-actualidad\\\/del-entorno\\\/facundo-de-la-vina\\\/#respond\"]}]},{\"@type\":\"WebPage\",\"@id\":\"https:\\\/\\\/jesuscampos.com\\\/blog\\\/movidas-de-actualidad\\\/del-entorno\\\/facundo-de-la-vina\\\/\",\"url\":\"https:\\\/\\\/jesuscampos.com\\\/blog\\\/movidas-de-actualidad\\\/del-entorno\\\/facundo-de-la-vina\\\/\",\"name\":\"Facundo de la Vi\u00f1a - BLOG DE NUEVOS CUELGUES\",\"isPartOf\":{\"@id\":\"https:\\\/\\\/jesuscampos.com\\\/blog\\\/#website\"},\"primaryImageOfPage\":{\"@id\":\"https:\\\/\\\/jesuscampos.com\\\/blog\\\/movidas-de-actualidad\\\/del-entorno\\\/facundo-de-la-vina\\\/#primaryimage\"},\"image\":{\"@id\":\"https:\\\/\\\/jesuscampos.com\\\/blog\\\/movidas-de-actualidad\\\/del-entorno\\\/facundo-de-la-vina\\\/#primaryimage\"},\"thumbnailUrl\":\"https:\\\/\\\/jesuscampos.com\\\/blog\\\/wp-content\\\/uploads\\\/2023\\\/10\\\/Facundo.jpg\",\"datePublished\":\"2023-09-27T17:23:10+00:00\",\"dateModified\":\"2023-10-18T18:40:17+00:00\",\"author\":{\"@id\":\"https:\\\/\\\/jesuscampos.com\\\/blog\\\/#\\\/schema\\\/person\\\/3cc8fc4f9758d022fed2d6cd6fa162b3\"},\"description\":\"Jos\u00e9 Luis Temes presentaba un CD con las obras orquestales de Facundo de la Vi\u00f1a, que grab\u00f3 con la Filarm\u00f3nica de M\u00e1laga\",\"breadcrumb\":{\"@id\":\"https:\\\/\\\/jesuscampos.com\\\/blog\\\/movidas-de-actualidad\\\/del-entorno\\\/facundo-de-la-vina\\\/#breadcrumb\"},\"inLanguage\":\"es\",\"potentialAction\":[{\"@type\":\"ReadAction\",\"target\":[\"https:\\\/\\\/jesuscampos.com\\\/blog\\\/movidas-de-actualidad\\\/del-entorno\\\/facundo-de-la-vina\\\/\"]}]},{\"@type\":\"ImageObject\",\"inLanguage\":\"es\",\"@id\":\"https:\\\/\\\/jesuscampos.com\\\/blog\\\/movidas-de-actualidad\\\/del-entorno\\\/facundo-de-la-vina\\\/#primaryimage\",\"url\":\"https:\\\/\\\/jesuscampos.com\\\/blog\\\/wp-content\\\/uploads\\\/2023\\\/10\\\/Facundo.jpg\",\"contentUrl\":\"https:\\\/\\\/jesuscampos.com\\\/blog\\\/wp-content\\\/uploads\\\/2023\\\/10\\\/Facundo.jpg\",\"width\":1080,\"height\":1080},{\"@type\":\"BreadcrumbList\",\"@id\":\"https:\\\/\\\/jesuscampos.com\\\/blog\\\/movidas-de-actualidad\\\/del-entorno\\\/facundo-de-la-vina\\\/#breadcrumb\",\"itemListElement\":[{\"@type\":\"ListItem\",\"position\":1,\"name\":\"Portada\",\"item\":\"https:\\\/\\\/jesuscampos.com\\\/blog\\\/\"},{\"@type\":\"ListItem\",\"position\":2,\"name\":\"Facundo de la Vi\u00f1a\"}]},{\"@type\":\"WebSite\",\"@id\":\"https:\\\/\\\/jesuscampos.com\\\/blog\\\/#website\",\"url\":\"https:\\\/\\\/jesuscampos.com\\\/blog\\\/\",\"name\":\"BLOG DE NUEVOS CUELGUES\",\"description\":\"Blog de Jes\u00fas Campos Garc\u00eda. Novelista, autor teatral, director y escen\u00f3grafo\",\"potentialAction\":[{\"@type\":\"SearchAction\",\"target\":{\"@type\":\"EntryPoint\",\"urlTemplate\":\"https:\\\/\\\/jesuscampos.com\\\/blog\\\/?s={search_term_string}\"},\"query-input\":{\"@type\":\"PropertyValueSpecification\",\"valueRequired\":true,\"valueName\":\"search_term_string\"}}],\"inLanguage\":\"es\"},{\"@type\":\"Person\",\"@id\":\"https:\\\/\\\/jesuscampos.com\\\/blog\\\/#\\\/schema\\\/person\\\/3cc8fc4f9758d022fed2d6cd6fa162b3\",\"name\":\"Jes\u00fas Campos\",\"image\":{\"@type\":\"ImageObject\",\"inLanguage\":\"es\",\"@id\":\"https:\\\/\\\/secure.gravatar.com\\\/avatar\\\/335943b5c9089b9f0b270f00aa7dfa70455a2d6a5896603d1791031bce6da3d9?s=96&d=mm&r=g\",\"url\":\"https:\\\/\\\/secure.gravatar.com\\\/avatar\\\/335943b5c9089b9f0b270f00aa7dfa70455a2d6a5896603d1791031bce6da3d9?s=96&d=mm&r=g\",\"contentUrl\":\"https:\\\/\\\/secure.gravatar.com\\\/avatar\\\/335943b5c9089b9f0b270f00aa7dfa70455a2d6a5896603d1791031bce6da3d9?s=96&d=mm&r=g\",\"caption\":\"Jes\u00fas Campos\"},\"url\":\"https:\\\/\\\/jesuscampos.com\\\/blog\\\/author\\\/jesus_campos\\\/\"}]}<\/script>\n<!-- \/ Yoast SEO plugin. -->","yoast_head_json":{"title":"Facundo de la Vi\u00f1a - BLOG DE NUEVOS CUELGUES","description":"Jos\u00e9 Luis Temes presentaba un CD con las obras orquestales de Facundo de la Vi\u00f1a, que grab\u00f3 con la Filarm\u00f3nica de M\u00e1laga","robots":{"index":"index","follow":"follow","max-snippet":"max-snippet:-1","max-image-preview":"max-image-preview:large","max-video-preview":"max-video-preview:-1"},"canonical":"https:\/\/jesuscampos.com\/blog\/movidas-de-actualidad\/del-entorno\/facundo-de-la-vina\/","og_locale":"es_ES","og_type":"article","og_title":"Facundo de la Vi\u00f1a - BLOG DE NUEVOS CUELGUES","og_description":"Jos\u00e9 Luis Temes presentaba un CD con las obras orquestales de Facundo de la Vi\u00f1a, que grab\u00f3 con la Filarm\u00f3nica de M\u00e1laga","og_url":"https:\/\/jesuscampos.com\/blog\/movidas-de-actualidad\/del-entorno\/facundo-de-la-vina\/","og_site_name":"BLOG DE NUEVOS CUELGUES","article_published_time":"2023-09-27T17:23:10+00:00","article_modified_time":"2023-10-18T18:40:17+00:00","og_image":[{"width":1080,"height":1080,"url":"https:\/\/jesuscampos.com\/blog\/wp-content\/uploads\/2023\/10\/Facundo.jpg","type":"image\/jpeg"}],"author":"Jes\u00fas Campos","twitter_card":"summary_large_image","twitter_misc":{"Escrito por":"Jes\u00fas Campos","Tiempo de lectura":"1 minuto"},"schema":{"@context":"https:\/\/schema.org","@graph":[{"@type":"Article","@id":"https:\/\/jesuscampos.com\/blog\/movidas-de-actualidad\/del-entorno\/facundo-de-la-vina\/#article","isPartOf":{"@id":"https:\/\/jesuscampos.com\/blog\/movidas-de-actualidad\/del-entorno\/facundo-de-la-vina\/"},"author":{"name":"Jes\u00fas Campos","@id":"https:\/\/jesuscampos.com\/blog\/#\/schema\/person\/3cc8fc4f9758d022fed2d6cd6fa162b3"},"headline":"Facundo de la Vi\u00f1a","datePublished":"2023-09-27T17:23:10+00:00","dateModified":"2023-10-18T18:40:17+00:00","mainEntityOfPage":{"@id":"https:\/\/jesuscampos.com\/blog\/movidas-de-actualidad\/del-entorno\/facundo-de-la-vina\/"},"wordCount":126,"commentCount":0,"image":{"@id":"https:\/\/jesuscampos.com\/blog\/movidas-de-actualidad\/del-entorno\/facundo-de-la-vina\/#primaryimage"},"thumbnailUrl":"https:\/\/jesuscampos.com\/blog\/wp-content\/uploads\/2023\/10\/Facundo.jpg","keywords":["Jos\u00e9 Luis Temes","Orquesta Filarm\u00f3nica de M\u00e1laga","M\u00fasica cl\u00e1sica","Facundo de la Vi\u00f1a","Casino de Madrid","Generaci\u00f3n del 14","compositores espa\u00f1oles","Presentaci\u00f3n de disco","Obras orquestales"],"articleSection":["Del entorno"],"inLanguage":"es","potentialAction":[{"@type":"CommentAction","name":"Comment","target":["https:\/\/jesuscampos.com\/blog\/movidas-de-actualidad\/del-entorno\/facundo-de-la-vina\/#respond"]}]},{"@type":"WebPage","@id":"https:\/\/jesuscampos.com\/blog\/movidas-de-actualidad\/del-entorno\/facundo-de-la-vina\/","url":"https:\/\/jesuscampos.com\/blog\/movidas-de-actualidad\/del-entorno\/facundo-de-la-vina\/","name":"Facundo de la Vi\u00f1a - BLOG DE NUEVOS CUELGUES","isPartOf":{"@id":"https:\/\/jesuscampos.com\/blog\/#website"},"primaryImageOfPage":{"@id":"https:\/\/jesuscampos.com\/blog\/movidas-de-actualidad\/del-entorno\/facundo-de-la-vina\/#primaryimage"},"image":{"@id":"https:\/\/jesuscampos.com\/blog\/movidas-de-actualidad\/del-entorno\/facundo-de-la-vina\/#primaryimage"},"thumbnailUrl":"https:\/\/jesuscampos.com\/blog\/wp-content\/uploads\/2023\/10\/Facundo.jpg","datePublished":"2023-09-27T17:23:10+00:00","dateModified":"2023-10-18T18:40:17+00:00","author":{"@id":"https:\/\/jesuscampos.com\/blog\/#\/schema\/person\/3cc8fc4f9758d022fed2d6cd6fa162b3"},"description":"Jos\u00e9 Luis Temes presentaba un CD con las obras orquestales de Facundo de la Vi\u00f1a, que grab\u00f3 con la Filarm\u00f3nica de M\u00e1laga","breadcrumb":{"@id":"https:\/\/jesuscampos.com\/blog\/movidas-de-actualidad\/del-entorno\/facundo-de-la-vina\/#breadcrumb"},"inLanguage":"es","potentialAction":[{"@type":"ReadAction","target":["https:\/\/jesuscampos.com\/blog\/movidas-de-actualidad\/del-entorno\/facundo-de-la-vina\/"]}]},{"@type":"ImageObject","inLanguage":"es","@id":"https:\/\/jesuscampos.com\/blog\/movidas-de-actualidad\/del-entorno\/facundo-de-la-vina\/#primaryimage","url":"https:\/\/jesuscampos.com\/blog\/wp-content\/uploads\/2023\/10\/Facundo.jpg","contentUrl":"https:\/\/jesuscampos.com\/blog\/wp-content\/uploads\/2023\/10\/Facundo.jpg","width":1080,"height":1080},{"@type":"BreadcrumbList","@id":"https:\/\/jesuscampos.com\/blog\/movidas-de-actualidad\/del-entorno\/facundo-de-la-vina\/#breadcrumb","itemListElement":[{"@type":"ListItem","position":1,"name":"Portada","item":"https:\/\/jesuscampos.com\/blog\/"},{"@type":"ListItem","position":2,"name":"Facundo de la Vi\u00f1a"}]},{"@type":"WebSite","@id":"https:\/\/jesuscampos.com\/blog\/#website","url":"https:\/\/jesuscampos.com\/blog\/","name":"BLOG DE NUEVOS CUELGUES","description":"Blog de Jes\u00fas Campos Garc\u00eda. Novelista, autor teatral, director y escen\u00f3grafo","potentialAction":[{"@type":"SearchAction","target":{"@type":"EntryPoint","urlTemplate":"https:\/\/jesuscampos.com\/blog\/?s={search_term_string}"},"query-input":{"@type":"PropertyValueSpecification","valueRequired":true,"valueName":"search_term_string"}}],"inLanguage":"es"},{"@type":"Person","@id":"https:\/\/jesuscampos.com\/blog\/#\/schema\/person\/3cc8fc4f9758d022fed2d6cd6fa162b3","name":"Jes\u00fas Campos","image":{"@type":"ImageObject","inLanguage":"es","@id":"https:\/\/secure.gravatar.com\/avatar\/335943b5c9089b9f0b270f00aa7dfa70455a2d6a5896603d1791031bce6da3d9?s=96&d=mm&r=g","url":"https:\/\/secure.gravatar.com\/avatar\/335943b5c9089b9f0b270f00aa7dfa70455a2d6a5896603d1791031bce6da3d9?s=96&d=mm&r=g","contentUrl":"https:\/\/secure.gravatar.com\/avatar\/335943b5c9089b9f0b270f00aa7dfa70455a2d6a5896603d1791031bce6da3d9?s=96&d=mm&r=g","caption":"Jes\u00fas Campos"},"url":"https:\/\/jesuscampos.com\/blog\/author\/jesus_campos\/"}]}},"jetpack_featured_media_url":"https:\/\/jesuscampos.com\/blog\/wp-content\/uploads\/2023\/10\/Facundo.jpg","jetpack_sharing_enabled":true,"_links":{"self":[{"href":"https:\/\/jesuscampos.com\/blog\/wp-json\/wp\/v2\/posts\/1706","targetHints":{"allow":["GET"]}}],"collection":[{"href":"https:\/\/jesuscampos.com\/blog\/wp-json\/wp\/v2\/posts"}],"about":[{"href":"https:\/\/jesuscampos.com\/blog\/wp-json\/wp\/v2\/types\/post"}],"author":[{"embeddable":true,"href":"https:\/\/jesuscampos.com\/blog\/wp-json\/wp\/v2\/users\/3"}],"replies":[{"embeddable":true,"href":"https:\/\/jesuscampos.com\/blog\/wp-json\/wp\/v2\/comments?post=1706"}],"version-history":[{"count":2,"href":"https:\/\/jesuscampos.com\/blog\/wp-json\/wp\/v2\/posts\/1706\/revisions"}],"predecessor-version":[{"id":1732,"href":"https:\/\/jesuscampos.com\/blog\/wp-json\/wp\/v2\/posts\/1706\/revisions\/1732"}],"wp:featuredmedia":[{"embeddable":true,"href":"https:\/\/jesuscampos.com\/blog\/wp-json\/wp\/v2\/media\/1637"}],"wp:attachment":[{"href":"https:\/\/jesuscampos.com\/blog\/wp-json\/wp\/v2\/media?parent=1706"}],"wp:term":[{"taxonomy":"category","embeddable":true,"href":"https:\/\/jesuscampos.com\/blog\/wp-json\/wp\/v2\/categories?post=1706"},{"taxonomy":"post_tag","embeddable":true,"href":"https:\/\/jesuscampos.com\/blog\/wp-json\/wp\/v2\/tags?post=1706"}],"curies":[{"name":"wp","href":"https:\/\/api.w.org\/{rel}","templated":true}]}}