{"id":1152,"date":"2023-05-13T18:34:55","date_gmt":"2023-05-13T18:34:55","guid":{"rendered":"https:\/\/jesuscampos.com\/blog\/?p=1152"},"modified":"2023-10-18T19:04:39","modified_gmt":"2023-10-18T19:04:39","slug":"mundo-cruel-quedan-50-dias","status":"publish","type":"post","link":"https:\/\/jesuscampos.com\/blog\/letras-sueltas\/narrativa\/mundo-cruel-quedan-50-dias\/","title":{"rendered":"Mundo cruel. Quedan 50 d\u00edas"},"content":{"rendered":"<p><img loading=\"lazy\" decoding=\"async\" class=\"alignnone size-full wp-image-711\" src=\"https:\/\/jesuscampos.com\/blog\/wp-content\/uploads\/2023\/07\/Guerra-civil.jpg\" alt=\"\" width=\"1516\" height=\"960\" srcset=\"https:\/\/jesuscampos.com\/blog\/wp-content\/uploads\/2023\/07\/Guerra-civil.jpg 1516w, https:\/\/jesuscampos.com\/blog\/wp-content\/uploads\/2023\/07\/Guerra-civil-1280x811.jpg 1280w, https:\/\/jesuscampos.com\/blog\/wp-content\/uploads\/2023\/07\/Guerra-civil-980x621.jpg 980w, https:\/\/jesuscampos.com\/blog\/wp-content\/uploads\/2023\/07\/Guerra-civil-480x304.jpg 480w\" sizes=\"auto, (min-width: 0px) and (max-width: 480px) 480px, (min-width: 481px) and (max-width: 980px) 980px, (min-width: 981px) and (max-width: 1280px) 1280px, (min-width: 1281px) 1516px, 100vw\" \/><\/p>\n<p>Estamos en el ecuador de la cuenta atr\u00e1s (faltan cincuenta d\u00edas para que pod\u00e1is leer Mundo cruel) y para que vay\u00e1is haci\u00e9ndoos a la idea, os avanzo el comienzo del cap\u00edtulo 65, en el que nos remontamos a los or\u00edgenes de Mart\u00edn, su protagonista:<\/p>\n<p>\u201cPor tanto, y sin restarle importancia a las agresiones perpetradas por Negocios Peculiares, las causas que motivaron el intento de suicidio habr\u00eda que buscarlas entre sus desastres personales, que nadie se quita la vida por una cat\u00e1strofe financiera si tiene el coraz\u00f3n bien enraizado.<\/p>\n<p>Venir al mundo en la posguerra, para empezar, no es un buen comienzo. Sus padres (\u00e9l dentista y ella sus labores) no fueron los que proclamaron la Segunda Rep\u00fablica ni tampoco el Alzamiento Nacional; sin embargo, con ella afiliada a la CNT y \u00e9l a Falange Espa\u00f1ola de las JONS, la contienda no les fue ajena. Aquel matrimonio fraguado a\u00f1os atr\u00e1s con los acaloramientos de la juventud ten\u00eda los d\u00edas contados. Al poco de casarse, y cuando de aquellos ardores apenas si quedaban los rescoldos, las ideas, mucho m\u00e1s combustibles que las pasiones, hicieron de aquel hogar un infierno. Imposible toda convivencia. Y como las circunstancias lo propiciaban, al iniciarse los combates, huyeron cada uno por su lado para luchar en bandos distintos, aunque con el mismo odio.<\/p>\n<p>Dos a\u00f1os estuvieron disparando por ah\u00ed para acabar finalmente enfrentados junto al Manzanares: ella en la Cuesta de San Vicente y \u00e9l en las tapias de la Casa de Campo (justo a un paso de donde, a\u00f1os m\u00e1s tarde, el hijo que a\u00fan no hab\u00edan tenido intentar\u00eda quitarse la vida). Despu\u00e9s de meses dispar\u00e1ndose a matar, volvieron indemnes al hogar; pues, tras la victoria (o la derrota), las familias volvieron a amarrarse como Dios manda.<\/p>\n<p>Con las \u00ednfulas del triunfo, al falangista le fue creciendo un bigotito altanero, al tiempo que se le alisaba el pelo (aunque esto puede que fuera por efecto de la gomina), de forma que, peinado con la raya en medio, su cabeza parec\u00eda el dorso de una cucaracha. Y lo malo no es que lo pareciera, sino que as\u00ed de repugnante lo ve\u00eda ella. Al conseguir la plaza de dentista penitenciario, aquellos atributos capilares se fueron consolidando, y la imagen de ort\u00f3ptero que luc\u00eda y el h\u00e1bitat viscoso en el que estos insectos se desenvuelven, acabaron convirti\u00e9ndolo en un hombre sin entra\u00f1as: despiadado con la tenacilla, dicharachero en el cabaret y zafio en la cama matrimonial\u00bb.<\/p>\n<p>Y as\u00ed sigue. Aunque advierto: la novela no va de guerra civil.<\/p>\n<p>&nbsp;<\/p>\n","protected":false},"excerpt":{"rendered":"<p>Estamos en el ecuador de la cuenta atr\u00e1s (faltan cincuenta d\u00edas para que pod\u00e1is leer Mundo cruel) y para que vay\u00e1is haci\u00e9ndoos a la idea, os avanzo el comienzo del cap\u00edtulo 65, en el que nos remontamos a los or\u00edgenes de Mart\u00edn, su protagonista: \u201cPor tanto, y sin restarle importancia a las agresiones perpetradas por [&hellip;]<\/p>\n","protected":false},"author":3,"featured_media":711,"comment_status":"open","ping_status":"open","sticky":false,"template":"","format":"standard","meta":{"_et_pb_use_builder":"","_et_pb_old_content":"","_et_gb_content_width":"","_jetpack_memberships_contains_paid_content":false,"footnotes":""},"categories":[314],"tags":[53,93,129,130,131,132,133,134,50,52],"class_list":["post-1152","post","type-post","status-publish","format-standard","has-post-thumbnail","hentry","category-narrativa","tag-novela","tag-jesus-campos-garcia","tag-guerra-civil-espanola","tag-frente-de-madrid","tag-puerta-del-rey","tag-lectura","tag-ficcion","tag-literatura","tag-libros","tag-mundo-cruel"],"yoast_head":"<!-- This site is optimized with the Yoast SEO plugin v27.5 - https:\/\/yoast.com\/product\/yoast-seo-wordpress\/ -->\n<title>Mundo cruel. Quedan 50 d\u00edas - BLOG DE NUEVOS CUELGUES<\/title>\n<meta name=\"robots\" content=\"index, follow, max-snippet:-1, max-image-preview:large, max-video-preview:-1\" \/>\n<link rel=\"canonical\" href=\"https:\/\/jesuscampos.com\/blog\/letras-sueltas\/narrativa\/mundo-cruel-quedan-50-dias\/\" \/>\n<meta property=\"og:locale\" content=\"es_ES\" \/>\n<meta property=\"og:type\" content=\"article\" \/>\n<meta property=\"og:title\" content=\"Mundo cruel. Quedan 50 d\u00edas - BLOG DE NUEVOS CUELGUES\" \/>\n<meta property=\"og:description\" content=\"Estamos en el ecuador de la cuenta atr\u00e1s (faltan cincuenta d\u00edas para que pod\u00e1is leer Mundo cruel) y para que vay\u00e1is haci\u00e9ndoos a la idea, os avanzo el comienzo del cap\u00edtulo 65, en el que nos remontamos a los or\u00edgenes de Mart\u00edn, su protagonista: \u201cPor tanto, y sin restarle importancia a las agresiones perpetradas por [&hellip;]\" \/>\n<meta property=\"og:url\" content=\"https:\/\/jesuscampos.com\/blog\/letras-sueltas\/narrativa\/mundo-cruel-quedan-50-dias\/\" \/>\n<meta property=\"og:site_name\" content=\"BLOG DE NUEVOS CUELGUES\" \/>\n<meta property=\"article:published_time\" content=\"2023-05-13T18:34:55+00:00\" \/>\n<meta property=\"article:modified_time\" content=\"2023-10-18T19:04:39+00:00\" \/>\n<meta property=\"og:image\" content=\"https:\/\/jesuscampos.com\/blog\/wp-content\/uploads\/2023\/07\/Guerra-civil.jpg\" \/>\n\t<meta property=\"og:image:width\" content=\"1516\" \/>\n\t<meta property=\"og:image:height\" content=\"960\" \/>\n\t<meta property=\"og:image:type\" content=\"image\/jpeg\" \/>\n<meta name=\"author\" content=\"Jes\u00fas Campos\" \/>\n<meta name=\"twitter:card\" content=\"summary_large_image\" \/>\n<meta name=\"twitter:label1\" content=\"Escrito por\" \/>\n\t<meta name=\"twitter:data1\" content=\"Jes\u00fas Campos\" \/>\n\t<meta name=\"twitter:label2\" content=\"Tiempo de lectura\" \/>\n\t<meta name=\"twitter:data2\" content=\"3 minutos\" \/>\n<script type=\"application\/ld+json\" class=\"yoast-schema-graph\">{\"@context\":\"https:\\\/\\\/schema.org\",\"@graph\":[{\"@type\":\"Article\",\"@id\":\"https:\\\/\\\/jesuscampos.com\\\/blog\\\/letras-sueltas\\\/narrativa\\\/mundo-cruel-quedan-50-dias\\\/#article\",\"isPartOf\":{\"@id\":\"https:\\\/\\\/jesuscampos.com\\\/blog\\\/letras-sueltas\\\/narrativa\\\/mundo-cruel-quedan-50-dias\\\/\"},\"author\":{\"name\":\"Jes\u00fas Campos\",\"@id\":\"https:\\\/\\\/jesuscampos.com\\\/blog\\\/#\\\/schema\\\/person\\\/3cc8fc4f9758d022fed2d6cd6fa162b3\"},\"headline\":\"Mundo cruel. Quedan 50 d\u00edas\",\"datePublished\":\"2023-05-13T18:34:55+00:00\",\"dateModified\":\"2023-10-18T19:04:39+00:00\",\"mainEntityOfPage\":{\"@id\":\"https:\\\/\\\/jesuscampos.com\\\/blog\\\/letras-sueltas\\\/narrativa\\\/mundo-cruel-quedan-50-dias\\\/\"},\"wordCount\":457,\"commentCount\":0,\"image\":{\"@id\":\"https:\\\/\\\/jesuscampos.com\\\/blog\\\/letras-sueltas\\\/narrativa\\\/mundo-cruel-quedan-50-dias\\\/#primaryimage\"},\"thumbnailUrl\":\"https:\\\/\\\/jesuscampos.com\\\/blog\\\/wp-content\\\/uploads\\\/2023\\\/07\\\/Guerra-civil.jpg\",\"keywords\":[\"novela\",\"Jes\u00fas Campos Garc\u00eda\",\"guerra civil espa\u00f1ola\",\"Frente de Madrid\",\"Puerta del Rey\",\"lectura\",\"ficci\u00f3n\",\"literatura\",\"libros\",\"mundo cruel\"],\"articleSection\":[\"Narrativa\"],\"inLanguage\":\"es\",\"potentialAction\":[{\"@type\":\"CommentAction\",\"name\":\"Comment\",\"target\":[\"https:\\\/\\\/jesuscampos.com\\\/blog\\\/letras-sueltas\\\/narrativa\\\/mundo-cruel-quedan-50-dias\\\/#respond\"]}]},{\"@type\":\"WebPage\",\"@id\":\"https:\\\/\\\/jesuscampos.com\\\/blog\\\/letras-sueltas\\\/narrativa\\\/mundo-cruel-quedan-50-dias\\\/\",\"url\":\"https:\\\/\\\/jesuscampos.com\\\/blog\\\/letras-sueltas\\\/narrativa\\\/mundo-cruel-quedan-50-dias\\\/\",\"name\":\"Mundo cruel. Quedan 50 d\u00edas - BLOG DE NUEVOS CUELGUES\",\"isPartOf\":{\"@id\":\"https:\\\/\\\/jesuscampos.com\\\/blog\\\/#website\"},\"primaryImageOfPage\":{\"@id\":\"https:\\\/\\\/jesuscampos.com\\\/blog\\\/letras-sueltas\\\/narrativa\\\/mundo-cruel-quedan-50-dias\\\/#primaryimage\"},\"image\":{\"@id\":\"https:\\\/\\\/jesuscampos.com\\\/blog\\\/letras-sueltas\\\/narrativa\\\/mundo-cruel-quedan-50-dias\\\/#primaryimage\"},\"thumbnailUrl\":\"https:\\\/\\\/jesuscampos.com\\\/blog\\\/wp-content\\\/uploads\\\/2023\\\/07\\\/Guerra-civil.jpg\",\"datePublished\":\"2023-05-13T18:34:55+00:00\",\"dateModified\":\"2023-10-18T19:04:39+00:00\",\"author\":{\"@id\":\"https:\\\/\\\/jesuscampos.com\\\/blog\\\/#\\\/schema\\\/person\\\/3cc8fc4f9758d022fed2d6cd6fa162b3\"},\"breadcrumb\":{\"@id\":\"https:\\\/\\\/jesuscampos.com\\\/blog\\\/letras-sueltas\\\/narrativa\\\/mundo-cruel-quedan-50-dias\\\/#breadcrumb\"},\"inLanguage\":\"es\",\"potentialAction\":[{\"@type\":\"ReadAction\",\"target\":[\"https:\\\/\\\/jesuscampos.com\\\/blog\\\/letras-sueltas\\\/narrativa\\\/mundo-cruel-quedan-50-dias\\\/\"]}]},{\"@type\":\"ImageObject\",\"inLanguage\":\"es\",\"@id\":\"https:\\\/\\\/jesuscampos.com\\\/blog\\\/letras-sueltas\\\/narrativa\\\/mundo-cruel-quedan-50-dias\\\/#primaryimage\",\"url\":\"https:\\\/\\\/jesuscampos.com\\\/blog\\\/wp-content\\\/uploads\\\/2023\\\/07\\\/Guerra-civil.jpg\",\"contentUrl\":\"https:\\\/\\\/jesuscampos.com\\\/blog\\\/wp-content\\\/uploads\\\/2023\\\/07\\\/Guerra-civil.jpg\",\"width\":1516,\"height\":960},{\"@type\":\"BreadcrumbList\",\"@id\":\"https:\\\/\\\/jesuscampos.com\\\/blog\\\/letras-sueltas\\\/narrativa\\\/mundo-cruel-quedan-50-dias\\\/#breadcrumb\",\"itemListElement\":[{\"@type\":\"ListItem\",\"position\":1,\"name\":\"Portada\",\"item\":\"https:\\\/\\\/jesuscampos.com\\\/blog\\\/\"},{\"@type\":\"ListItem\",\"position\":2,\"name\":\"Mundo cruel. Quedan 50 d\u00edas\"}]},{\"@type\":\"WebSite\",\"@id\":\"https:\\\/\\\/jesuscampos.com\\\/blog\\\/#website\",\"url\":\"https:\\\/\\\/jesuscampos.com\\\/blog\\\/\",\"name\":\"BLOG DE NUEVOS CUELGUES\",\"description\":\"Blog de Jes\u00fas Campos Garc\u00eda. Novelista, autor teatral, director y escen\u00f3grafo\",\"potentialAction\":[{\"@type\":\"SearchAction\",\"target\":{\"@type\":\"EntryPoint\",\"urlTemplate\":\"https:\\\/\\\/jesuscampos.com\\\/blog\\\/?s={search_term_string}\"},\"query-input\":{\"@type\":\"PropertyValueSpecification\",\"valueRequired\":true,\"valueName\":\"search_term_string\"}}],\"inLanguage\":\"es\"},{\"@type\":\"Person\",\"@id\":\"https:\\\/\\\/jesuscampos.com\\\/blog\\\/#\\\/schema\\\/person\\\/3cc8fc4f9758d022fed2d6cd6fa162b3\",\"name\":\"Jes\u00fas Campos\",\"image\":{\"@type\":\"ImageObject\",\"inLanguage\":\"es\",\"@id\":\"https:\\\/\\\/secure.gravatar.com\\\/avatar\\\/335943b5c9089b9f0b270f00aa7dfa70455a2d6a5896603d1791031bce6da3d9?s=96&d=mm&r=g\",\"url\":\"https:\\\/\\\/secure.gravatar.com\\\/avatar\\\/335943b5c9089b9f0b270f00aa7dfa70455a2d6a5896603d1791031bce6da3d9?s=96&d=mm&r=g\",\"contentUrl\":\"https:\\\/\\\/secure.gravatar.com\\\/avatar\\\/335943b5c9089b9f0b270f00aa7dfa70455a2d6a5896603d1791031bce6da3d9?s=96&d=mm&r=g\",\"caption\":\"Jes\u00fas Campos\"},\"url\":\"https:\\\/\\\/jesuscampos.com\\\/blog\\\/author\\\/jesus_campos\\\/\"}]}<\/script>\n<!-- \/ Yoast SEO plugin. -->","yoast_head_json":{"title":"Mundo cruel. Quedan 50 d\u00edas - BLOG DE NUEVOS CUELGUES","robots":{"index":"index","follow":"follow","max-snippet":"max-snippet:-1","max-image-preview":"max-image-preview:large","max-video-preview":"max-video-preview:-1"},"canonical":"https:\/\/jesuscampos.com\/blog\/letras-sueltas\/narrativa\/mundo-cruel-quedan-50-dias\/","og_locale":"es_ES","og_type":"article","og_title":"Mundo cruel. Quedan 50 d\u00edas - BLOG DE NUEVOS CUELGUES","og_description":"Estamos en el ecuador de la cuenta atr\u00e1s (faltan cincuenta d\u00edas para que pod\u00e1is leer Mundo cruel) y para que vay\u00e1is haci\u00e9ndoos a la idea, os avanzo el comienzo del cap\u00edtulo 65, en el que nos remontamos a los or\u00edgenes de Mart\u00edn, su protagonista: \u201cPor tanto, y sin restarle importancia a las agresiones perpetradas por [&hellip;]","og_url":"https:\/\/jesuscampos.com\/blog\/letras-sueltas\/narrativa\/mundo-cruel-quedan-50-dias\/","og_site_name":"BLOG DE NUEVOS CUELGUES","article_published_time":"2023-05-13T18:34:55+00:00","article_modified_time":"2023-10-18T19:04:39+00:00","og_image":[{"width":1516,"height":960,"url":"https:\/\/jesuscampos.com\/blog\/wp-content\/uploads\/2023\/07\/Guerra-civil.jpg","type":"image\/jpeg"}],"author":"Jes\u00fas Campos","twitter_card":"summary_large_image","twitter_misc":{"Escrito por":"Jes\u00fas Campos","Tiempo de lectura":"3 minutos"},"schema":{"@context":"https:\/\/schema.org","@graph":[{"@type":"Article","@id":"https:\/\/jesuscampos.com\/blog\/letras-sueltas\/narrativa\/mundo-cruel-quedan-50-dias\/#article","isPartOf":{"@id":"https:\/\/jesuscampos.com\/blog\/letras-sueltas\/narrativa\/mundo-cruel-quedan-50-dias\/"},"author":{"name":"Jes\u00fas Campos","@id":"https:\/\/jesuscampos.com\/blog\/#\/schema\/person\/3cc8fc4f9758d022fed2d6cd6fa162b3"},"headline":"Mundo cruel. Quedan 50 d\u00edas","datePublished":"2023-05-13T18:34:55+00:00","dateModified":"2023-10-18T19:04:39+00:00","mainEntityOfPage":{"@id":"https:\/\/jesuscampos.com\/blog\/letras-sueltas\/narrativa\/mundo-cruel-quedan-50-dias\/"},"wordCount":457,"commentCount":0,"image":{"@id":"https:\/\/jesuscampos.com\/blog\/letras-sueltas\/narrativa\/mundo-cruel-quedan-50-dias\/#primaryimage"},"thumbnailUrl":"https:\/\/jesuscampos.com\/blog\/wp-content\/uploads\/2023\/07\/Guerra-civil.jpg","keywords":["novela","Jes\u00fas Campos Garc\u00eda","guerra civil espa\u00f1ola","Frente de Madrid","Puerta del Rey","lectura","ficci\u00f3n","literatura","libros","mundo cruel"],"articleSection":["Narrativa"],"inLanguage":"es","potentialAction":[{"@type":"CommentAction","name":"Comment","target":["https:\/\/jesuscampos.com\/blog\/letras-sueltas\/narrativa\/mundo-cruel-quedan-50-dias\/#respond"]}]},{"@type":"WebPage","@id":"https:\/\/jesuscampos.com\/blog\/letras-sueltas\/narrativa\/mundo-cruel-quedan-50-dias\/","url":"https:\/\/jesuscampos.com\/blog\/letras-sueltas\/narrativa\/mundo-cruel-quedan-50-dias\/","name":"Mundo cruel. Quedan 50 d\u00edas - BLOG DE NUEVOS CUELGUES","isPartOf":{"@id":"https:\/\/jesuscampos.com\/blog\/#website"},"primaryImageOfPage":{"@id":"https:\/\/jesuscampos.com\/blog\/letras-sueltas\/narrativa\/mundo-cruel-quedan-50-dias\/#primaryimage"},"image":{"@id":"https:\/\/jesuscampos.com\/blog\/letras-sueltas\/narrativa\/mundo-cruel-quedan-50-dias\/#primaryimage"},"thumbnailUrl":"https:\/\/jesuscampos.com\/blog\/wp-content\/uploads\/2023\/07\/Guerra-civil.jpg","datePublished":"2023-05-13T18:34:55+00:00","dateModified":"2023-10-18T19:04:39+00:00","author":{"@id":"https:\/\/jesuscampos.com\/blog\/#\/schema\/person\/3cc8fc4f9758d022fed2d6cd6fa162b3"},"breadcrumb":{"@id":"https:\/\/jesuscampos.com\/blog\/letras-sueltas\/narrativa\/mundo-cruel-quedan-50-dias\/#breadcrumb"},"inLanguage":"es","potentialAction":[{"@type":"ReadAction","target":["https:\/\/jesuscampos.com\/blog\/letras-sueltas\/narrativa\/mundo-cruel-quedan-50-dias\/"]}]},{"@type":"ImageObject","inLanguage":"es","@id":"https:\/\/jesuscampos.com\/blog\/letras-sueltas\/narrativa\/mundo-cruel-quedan-50-dias\/#primaryimage","url":"https:\/\/jesuscampos.com\/blog\/wp-content\/uploads\/2023\/07\/Guerra-civil.jpg","contentUrl":"https:\/\/jesuscampos.com\/blog\/wp-content\/uploads\/2023\/07\/Guerra-civil.jpg","width":1516,"height":960},{"@type":"BreadcrumbList","@id":"https:\/\/jesuscampos.com\/blog\/letras-sueltas\/narrativa\/mundo-cruel-quedan-50-dias\/#breadcrumb","itemListElement":[{"@type":"ListItem","position":1,"name":"Portada","item":"https:\/\/jesuscampos.com\/blog\/"},{"@type":"ListItem","position":2,"name":"Mundo cruel. Quedan 50 d\u00edas"}]},{"@type":"WebSite","@id":"https:\/\/jesuscampos.com\/blog\/#website","url":"https:\/\/jesuscampos.com\/blog\/","name":"BLOG DE NUEVOS CUELGUES","description":"Blog de Jes\u00fas Campos Garc\u00eda. Novelista, autor teatral, director y escen\u00f3grafo","potentialAction":[{"@type":"SearchAction","target":{"@type":"EntryPoint","urlTemplate":"https:\/\/jesuscampos.com\/blog\/?s={search_term_string}"},"query-input":{"@type":"PropertyValueSpecification","valueRequired":true,"valueName":"search_term_string"}}],"inLanguage":"es"},{"@type":"Person","@id":"https:\/\/jesuscampos.com\/blog\/#\/schema\/person\/3cc8fc4f9758d022fed2d6cd6fa162b3","name":"Jes\u00fas Campos","image":{"@type":"ImageObject","inLanguage":"es","@id":"https:\/\/secure.gravatar.com\/avatar\/335943b5c9089b9f0b270f00aa7dfa70455a2d6a5896603d1791031bce6da3d9?s=96&d=mm&r=g","url":"https:\/\/secure.gravatar.com\/avatar\/335943b5c9089b9f0b270f00aa7dfa70455a2d6a5896603d1791031bce6da3d9?s=96&d=mm&r=g","contentUrl":"https:\/\/secure.gravatar.com\/avatar\/335943b5c9089b9f0b270f00aa7dfa70455a2d6a5896603d1791031bce6da3d9?s=96&d=mm&r=g","caption":"Jes\u00fas Campos"},"url":"https:\/\/jesuscampos.com\/blog\/author\/jesus_campos\/"}]}},"jetpack_featured_media_url":"https:\/\/jesuscampos.com\/blog\/wp-content\/uploads\/2023\/07\/Guerra-civil.jpg","jetpack_sharing_enabled":true,"_links":{"self":[{"href":"https:\/\/jesuscampos.com\/blog\/wp-json\/wp\/v2\/posts\/1152","targetHints":{"allow":["GET"]}}],"collection":[{"href":"https:\/\/jesuscampos.com\/blog\/wp-json\/wp\/v2\/posts"}],"about":[{"href":"https:\/\/jesuscampos.com\/blog\/wp-json\/wp\/v2\/types\/post"}],"author":[{"embeddable":true,"href":"https:\/\/jesuscampos.com\/blog\/wp-json\/wp\/v2\/users\/3"}],"replies":[{"embeddable":true,"href":"https:\/\/jesuscampos.com\/blog\/wp-json\/wp\/v2\/comments?post=1152"}],"version-history":[{"count":2,"href":"https:\/\/jesuscampos.com\/blog\/wp-json\/wp\/v2\/posts\/1152\/revisions"}],"predecessor-version":[{"id":1749,"href":"https:\/\/jesuscampos.com\/blog\/wp-json\/wp\/v2\/posts\/1152\/revisions\/1749"}],"wp:featuredmedia":[{"embeddable":true,"href":"https:\/\/jesuscampos.com\/blog\/wp-json\/wp\/v2\/media\/711"}],"wp:attachment":[{"href":"https:\/\/jesuscampos.com\/blog\/wp-json\/wp\/v2\/media?parent=1152"}],"wp:term":[{"taxonomy":"category","embeddable":true,"href":"https:\/\/jesuscampos.com\/blog\/wp-json\/wp\/v2\/categories?post=1152"},{"taxonomy":"post_tag","embeddable":true,"href":"https:\/\/jesuscampos.com\/blog\/wp-json\/wp\/v2\/tags?post=1152"}],"curies":[{"name":"wp","href":"https:\/\/api.w.org\/{rel}","templated":true}]}}